{"id":1101,"date":"2014-11-28T10:24:02","date_gmt":"2014-11-28T10:24:02","guid":{"rendered":"https:\/\/vania.es\/?p=1101"},"modified":"2015-03-04T10:59:52","modified_gmt":"2015-03-04T10:59:52","slug":"la-generala-2006","status":"publish","type":"post","link":"https:\/\/vania.es\/ca\/la-generala-2006\/","title":{"rendered":"La Generala (2006)"},"content":{"rendered":"<p style=\"text-align: justify\">MADRID: TEATRO VICTORIA<\/p>\n<p style=\"text-align: justify\">La Generala \u00e9s una com\u00e8dia d&#8217;embolics amb personatges ben definits i uns di\u00e0legs din\u00e0mics que , de vegades, semblen trets d&#8217;una bona com\u00e8dia de situaci\u00f3. T\u00e9 a m\u00e9s, i aix\u00f2 sempre \u00e9s un valor afegit, el moment d&#8217;amor entranyable que toca la fibra sensible del respectable sense apocaments. No ens oblidem de les can\u00e7ons: sense ser una de les sarsueles conegudes principalment per la seva partitura, t\u00e9 n\u00fameros molt enganxosos i el conjunt \u00e9s elegant i fresc. En definitiva, el material perfecte com a punt de partida per crear un bon espectacle. Una de les nostres mares ens deia: &#8220;haur\u00edeu muntar La Generala, \u00e9s alegre i divertid\u00edssima&#8230;&#8221; I afegia &#8220;la gent sortia cantant i taral\u00b7lejant les seves can\u00e7ons&#8230;&#8221; La Generala, estrenada al Gran Teatre de Madrid el 14 juny 1912 , amb m\u00fasica d&#8217;Amadeu Vives i llibret de Perr\u00edn i Palacios, \u00e9s una sarsuela en la qual pots trobar cert paral\u00b7lelisme amb les monarquies actuals, ocupades i preocupades per trobar el consort ideal per als seus pr\u00ednceps solters. T\u00e9 una estructura de vodevil on podrem accentuar el to c\u00f2mic que ja t\u00e9.<\/p>\n<p><strong><strong><b>Direcci\u00f3:<\/b> <\/strong><\/strong>Paco Mir<\/p>\n<p><b>Repartiment:<\/b><\/p>\n<p>Alicia Ferrer<\/p>\n<p>Antoni Comas<\/p>\n<p>Anna Argem\u00ed<\/p>\n<p>Josep Maria Gimeno<\/p>\n<p>Francesca Masclans<\/p>\n<p>Xavier Riberavall<\/p>\n<p>Abel Garc\u00eda<\/p>\n<p>Antonio del Valle<\/p>\n<p>Joan Maria Segura<\/p>\n<p>Albert Gr\u00e0cia<\/p>\n<p>Ivan Labanda<\/p>\n<p>Esther Ribot<\/p>\n<p>Ira Prat<\/p>\n<p>Esther Lozano<\/p>\n<p>Mariona Blanch<\/p>\n<p>Laia Benedito<\/p>\n<p>&nbsp;<\/p>\n<p><b>LA ORQUESTRA<\/b><\/p>\n<p><b>Director I piano:<\/b> Pep Pladellorens<\/p>\n<p><b>Percussi\u00f3:<\/b> Skai Guillem y Joan Vilalta<\/p>\n<p><b>Trompeta:<\/b> Josep Gomariz<\/p>\n<p><b>Clarinet:<\/b> Ferran Oltra<\/p>\n<p><b>Tromb\u00f3:<\/b> Enric Mestre<\/p>\n<p><b>Viol\u00ed:<\/b> Edurne Vila<\/p>\n<p><b>Contrabaix: <\/b>Miguel \u00c1ngel Cordero<\/p>\n<p><strong><strong>\u00a0<\/strong><\/strong><\/p>\n<p>&nbsp;<\/p>\n<p><b>Producci\u00f3: <\/b>3xtr3s S.A<\/p>\n<p><b>Coreografia: <\/b>Rosa Maria Grau<\/p>\n<p><b>Producci\u00f3 Executiva:<\/b> Marta Soro<\/p>\n<p><b>Idea:<\/b> Joan Gr\u00e0cia<\/p>\n<p><b>Direcci\u00f3 T\u00e9cnica:<\/b> Joan Jorba Llu\u00eds Dot<\/p>\n<p><b>Escenografia:<\/b> Jordi Bulbena<\/p>\n<p><b>Il\u00b7luminaci\u00f3:<\/b> Roger Puiggener<\/p>\n<p><b>Vestuari: <\/b>Anna G\u00fcell<\/p>\n<p><b>Ger\u00e8ncia: <\/b>Jaume Colomer<\/p>\n<p><b>Director de producci\u00f3: <\/b>Joan Gr\u00e0cia<\/p>\n<p><b>Disseny gr\u00e0fic:<\/b> Albert Plans<\/p>\n<p><b>Adaptaci\u00f3:<\/b> Tricicle<\/p>\n<p><b>Regidor:<\/b> Marta Soro<\/p>\n<p><b>Administraci\u00f3:<\/b> Guillermo Moreso<\/p>\n<p><b>Premsa:<\/b> Sandra Costa<\/p>\n<p><b>Distribuci\u00f3: <\/b>Salbi Senante<\/p>\n<p><b>Comunicaci\u00f3: <\/b>Ivan Danot<\/p>\n<p><b>Adaptaci\u00f3 Musical:<\/b> Joan Albert Amarg\u00f3s<\/p>\n","protected":false},"excerpt":{"rendered":"<p>MADRID: TEATRO VICTORIA La Generala \u00e9s una com\u00e8dia d&#8217;embolics amb personatges ben definits i uns di\u00e0legs din\u00e0mics que , de [&hellip;]<\/p>\n","protected":false},"author":1,"featured_media":1099,"comment_status":"closed","ping_status":"open","sticky":false,"template":"","format":"standard","meta":{"site-sidebar-layout":"default","site-content-layout":"","ast-site-content-layout":"default","site-content-style":"default","site-sidebar-style":"default","ast-global-header-display":"","ast-banner-title-visibility":"","ast-main-header-display":"","ast-hfb-above-header-display":"","ast-hfb-below-header-display":"","ast-hfb-mobile-header-display":"","site-post-title":"","ast-breadcrumbs-content":"","ast-featured-img":"","footer-sml-layout":"","ast-disable-related-posts":"","theme-transparent-header-meta":"","adv-header-id-meta":"","stick-header-meta":"","header-above-stick-meta":"","header-main-stick-meta":"","header-below-stick-meta":"","astra-migrate-meta-layouts":"default","ast-page-background-enabled":"default","ast-page-background-meta":{"desktop":{"background-color":"var(--ast-global-color-5)","background-image":"","background-repeat":"repeat","background-position":"center center","background-size":"auto","background-attachment":"scroll","background-type":"","background-media":"","overlay-type":"","overlay-color":"","overlay-opacity":"","overlay-gradient":""},"tablet":{"background-color":"","background-image":"","background-repeat":"repeat","background-position":"center center","background-size":"auto","background-attachment":"scroll","background-type":"","background-media":"","overlay-type":"","overlay-color":"","overlay-opacity":"","overlay-gradient":""},"mobile":{"background-color":"","background-image":"","background-repeat":"repeat","background-position":"center center","background-size":"auto","background-attachment":"scroll","background-type":"","background-media":"","overlay-type":"","overlay-color":"","overlay-opacity":"","overlay-gradient":""}},"ast-content-background-meta":{"desktop":{"background-color":"var(--ast-global-color-4)","background-image":"","background-repeat":"repeat","background-position":"center center","background-size":"auto","background-attachment":"scroll","background-type":"","background-media":"","overlay-type":"","overlay-color":"","overlay-opacity":"","overlay-gradient":""},"tablet":{"background-color":"var(--ast-global-color-4)","background-image":"","background-repeat":"repeat","background-position":"center center","background-size":"auto","background-attachment":"scroll","background-type":"","background-media":"","overlay-type":"","overlay-color":"","overlay-opacity":"","overlay-gradient":""},"mobile":{"background-color":"var(--ast-global-color-4)","background-image":"","background-repeat":"repeat","background-position":"center center","background-size":"auto","background-attachment":"scroll","background-type":"","background-media":"","overlay-type":"","overlay-color":"","overlay-opacity":"","overlay-gradient":""}},"footnotes":""},"categories":[13,9],"tags":[],"class_list":["post-1101","post","type-post","status-publish","format-standard","has-post-thumbnail","hentry","category-nacional-2","category-teatre"],"_links":{"self":[{"href":"https:\/\/vania.es\/ca\/wp-json\/wp\/v2\/posts\/1101","targetHints":{"allow":["GET"]}}],"collection":[{"href":"https:\/\/vania.es\/ca\/wp-json\/wp\/v2\/posts"}],"about":[{"href":"https:\/\/vania.es\/ca\/wp-json\/wp\/v2\/types\/post"}],"author":[{"embeddable":true,"href":"https:\/\/vania.es\/ca\/wp-json\/wp\/v2\/users\/1"}],"replies":[{"embeddable":true,"href":"https:\/\/vania.es\/ca\/wp-json\/wp\/v2\/comments?post=1101"}],"version-history":[{"count":6,"href":"https:\/\/vania.es\/ca\/wp-json\/wp\/v2\/posts\/1101\/revisions"}],"predecessor-version":[{"id":2093,"href":"https:\/\/vania.es\/ca\/wp-json\/wp\/v2\/posts\/1101\/revisions\/2093"}],"wp:featuredmedia":[{"embeddable":true,"href":"https:\/\/vania.es\/ca\/wp-json\/wp\/v2\/media\/1099"}],"wp:attachment":[{"href":"https:\/\/vania.es\/ca\/wp-json\/wp\/v2\/media?parent=1101"}],"wp:term":[{"taxonomy":"category","embeddable":true,"href":"https:\/\/vania.es\/ca\/wp-json\/wp\/v2\/categories?post=1101"},{"taxonomy":"post_tag","embeddable":true,"href":"https:\/\/vania.es\/ca\/wp-json\/wp\/v2\/tags?post=1101"}],"curies":[{"name":"wp","href":"https:\/\/api.w.org\/{rel}","templated":true}]}}