{"id":1335,"date":"2014-12-03T10:12:04","date_gmt":"2014-12-03T10:12:04","guid":{"rendered":"https:\/\/vania.es\/?p=1335"},"modified":"2016-05-24T10:34:14","modified_gmt":"2016-05-24T10:34:14","slug":"gore-2002-3","status":"publish","type":"post","link":"https:\/\/vania.es\/ca\/gore-2002-3\/","title":{"rendered":"Gore (2002)"},"content":{"rendered":"<p style=\"text-align: justify\">BARCELONA: TEATRE PRINCIPAL DE BARCELONA<\/p>\n<p style=\"text-align: justify\">Gore: un espectacle del que millor no explicar res. Un grup de persones viu en un lloc desolat. All\u00e0, l&#8217;ab\u00falia, la indifer\u00e8ncia i la crueltat s\u00f3n quotidianes. Arriba una parella d&#8217;estrangers amb secrets i tremends prop\u00f2sits. Rar\u00edssims fen\u00f2mens comencen a succeir-se. Grups de personatges que parlen la mateixa llengua no s&#8217;entenen entre si. Una dona \u00e9s sotmesa a una estranya intervenci\u00f3 quir\u00fargica. Un home comen\u00e7a a parlar fluidament una llengua que fins llavors desconeixia . Alg\u00fa pateix una impressionant mutaci\u00f3. Una absurda trag\u00e8dia plana sobre tots.<\/p>\n<p>&nbsp;<\/p>\n<p><b>Direcci\u00f3:<\/b> Javier Daulte<\/p>\n<p><b>Repartiment:<\/b><\/p>\n<p>Soledad Cagnoni<\/p>\n<p>Juli\u00e1n Calvi\u00f1o<\/p>\n<p>Daim\u00e1n Canduci<\/p>\n<p>Eugenio Gim\u00e9nez<\/p>\n<p>Eduardo Misch<\/p>\n<p>Lucrecia Oviedo<\/p>\n<p>Bel\u00e9n Parrilla<\/p>\n<p>Natalia Samoral<\/p>\n<p>&nbsp;<\/p>\n<p><b>Autor:<\/b> Javier Daulte<\/p>\n<p><b>Traducci\u00f3:<\/b> Miguel Miceli<\/p>\n<p><b>Il\u00b7luminaci\u00f3:<\/b> Catalina Fern\u00e1ndez<\/p>\n<p><b>Disseny de llums:<\/b> Catalina Fern\u00e1ndez<\/p>\n<p><b>So:<\/b> Marcelo Pozzi \/ Pablo Ratto \/ Nicol\u00e1s Tuozzo<\/p>\n<p><b>Fotografia:<\/b> Ariel Rodriguez<\/p>\n<p><b>Disseny gr\u00e0fic:<\/b> Hern\u00e1n Romero<\/p>\n<p><b>Asistencia de direcci\u00f3: <\/b>Marcelo Pozzi \/ Ezequiel Rodr\u00edguez<\/p>\n<p><b>Colaboraci\u00f3: <\/b>Alejandra Herrera<\/p>\n<p>&nbsp;<\/p>\n<p><strong><strong>\u00a0<\/strong><\/strong><\/p>\n<p>&nbsp;<\/p>\n","protected":false},"excerpt":{"rendered":"<p>BARCELONA: TEATRE PRINCIPAL DE BARCELONA Gore: un espectacle del que millor no explicar res. Un grup de persones viu en [&hellip;]<\/p>\n","protected":false},"author":1,"featured_media":1431,"comment_status":"closed","ping_status":"open","sticky":false,"template":"","format":"standard","meta":{"site-sidebar-layout":"default","site-content-layout":"","ast-site-content-layout":"default","site-content-style":"default","site-sidebar-style":"default","ast-global-header-display":"","ast-banner-title-visibility":"","ast-main-header-display":"","ast-hfb-above-header-display":"","ast-hfb-below-header-display":"","ast-hfb-mobile-header-display":"","site-post-title":"","ast-breadcrumbs-content":"","ast-featured-img":"","footer-sml-layout":"","ast-disable-related-posts":"","theme-transparent-header-meta":"","adv-header-id-meta":"","stick-header-meta":"","header-above-stick-meta":"","header-main-stick-meta":"","header-below-stick-meta":"","astra-migrate-meta-layouts":"default","ast-page-background-enabled":"default","ast-page-background-meta":{"desktop":{"background-color":"var(--ast-global-color-5)","background-image":"","background-repeat":"repeat","background-position":"center center","background-size":"auto","background-attachment":"scroll","background-type":"","background-media":"","overlay-type":"","overlay-color":"","overlay-opacity":"","overlay-gradient":""},"tablet":{"background-color":"","background-image":"","background-repeat":"repeat","background-position":"center center","background-size":"auto","background-attachment":"scroll","background-type":"","background-media":"","overlay-type":"","overlay-color":"","overlay-opacity":"","overlay-gradient":""},"mobile":{"background-color":"","background-image":"","background-repeat":"repeat","background-position":"center center","background-size":"auto","background-attachment":"scroll","background-type":"","background-media":"","overlay-type":"","overlay-color":"","overlay-opacity":"","overlay-gradient":""}},"ast-content-background-meta":{"desktop":{"background-color":"var(--ast-global-color-4)","background-image":"","background-repeat":"repeat","background-position":"center center","background-size":"auto","background-attachment":"scroll","background-type":"","background-media":"","overlay-type":"","overlay-color":"","overlay-opacity":"","overlay-gradient":""},"tablet":{"background-color":"var(--ast-global-color-4)","background-image":"","background-repeat":"repeat","background-position":"center center","background-size":"auto","background-attachment":"scroll","background-type":"","background-media":"","overlay-type":"","overlay-color":"","overlay-opacity":"","overlay-gradient":""},"mobile":{"background-color":"var(--ast-global-color-4)","background-image":"","background-repeat":"repeat","background-position":"center center","background-size":"auto","background-attachment":"scroll","background-type":"","background-media":"","overlay-type":"","overlay-color":"","overlay-opacity":"","overlay-gradient":""}},"footnotes":""},"categories":[13,9],"tags":[],"class_list":["post-1335","post","type-post","status-publish","format-standard","has-post-thumbnail","hentry","category-nacional-2","category-teatre"],"_links":{"self":[{"href":"https:\/\/vania.es\/ca\/wp-json\/wp\/v2\/posts\/1335","targetHints":{"allow":["GET"]}}],"collection":[{"href":"https:\/\/vania.es\/ca\/wp-json\/wp\/v2\/posts"}],"about":[{"href":"https:\/\/vania.es\/ca\/wp-json\/wp\/v2\/types\/post"}],"author":[{"embeddable":true,"href":"https:\/\/vania.es\/ca\/wp-json\/wp\/v2\/users\/1"}],"replies":[{"embeddable":true,"href":"https:\/\/vania.es\/ca\/wp-json\/wp\/v2\/comments?post=1335"}],"version-history":[{"count":7,"href":"https:\/\/vania.es\/ca\/wp-json\/wp\/v2\/posts\/1335\/revisions"}],"predecessor-version":[{"id":2679,"href":"https:\/\/vania.es\/ca\/wp-json\/wp\/v2\/posts\/1335\/revisions\/2679"}],"wp:featuredmedia":[{"embeddable":true,"href":"https:\/\/vania.es\/ca\/wp-json\/wp\/v2\/media\/1431"}],"wp:attachment":[{"href":"https:\/\/vania.es\/ca\/wp-json\/wp\/v2\/media?parent=1335"}],"wp:term":[{"taxonomy":"category","embeddable":true,"href":"https:\/\/vania.es\/ca\/wp-json\/wp\/v2\/categories?post=1335"},{"taxonomy":"post_tag","embeddable":true,"href":"https:\/\/vania.es\/ca\/wp-json\/wp\/v2\/tags?post=1335"}],"curies":[{"name":"wp","href":"https:\/\/api.w.org\/{rel}","templated":true}]}}