{"id":1857,"date":"2014-12-17T09:48:27","date_gmt":"2014-12-17T09:48:27","guid":{"rendered":"https:\/\/vania.es\/?p=1857"},"modified":"2019-01-24T10:53:41","modified_gmt":"2019-01-24T10:53:41","slug":"fando-y-lis-2009-distribucio","status":"publish","type":"post","link":"https:\/\/vania.es\/ca\/fando-y-lis-2009-distribucio\/","title":{"rendered":"FANDO Y LIS (2009 &#8211; distribuci\u00f3)"},"content":{"rendered":"<p style=\"text-align: justify\">&#8220;FANDO Y LIS&#8221;<\/p>\n<p style=\"text-align: justify\">Un home i una dona paral\u00edtica viatgen a Tar, un lloc que probablement no existeix. Els protagonistess&#8217;estimen. Per\u00f2 veiem com el seu amor passa de la ing\u00e8nua puresa infantil a la tortura m\u00e9s s\u00e0dica . Perqu\u00e8 Fando \u00e9s tan afectu\u00f3s com violent . Brutal fins a la mort . El cercle vici\u00f3s de la seva macabre joc es repeteix una i altra vegada sota formes diferents: maltractament f\u00edsic, sincer penediment, acusacions, amenaces d&#8217;abandonament, desesperades reconciliacions &#8230;<\/p>\n<p style=\"text-align: justify\">En el seu infructu\u00f3s viatge troben a Namur, Mitaro i Toso , que tamb\u00e9 viatgen a Tar sota un paraig\u00fces . Es contradiuen obstinadament amb la seva l\u00f2gica insensata . Les seves discussions i topades s\u00f3n absurds i hilarants , per\u00f2 a la seva manera tamb\u00e9 depenen els uns dels altres. Fando, sedu\u00eft per la &#8220;intel\u00b7lig\u00e8ncia&#8221; d&#8217;aquests tres subjectes, intenta establir amb ells una relaci\u00f3 . Per\u00f2 nom\u00e9s aconsegueix que riguin d&#8217;ell &#8230;<\/p>\n<p style=\"text-align: justify\">Fando nom\u00e9s t\u00e9 a Lis, que al seu torn li tortura deixant de parlar&#8230; les oscil\u00b7lacions del seu cicle amor &#8211; viol\u00e8ncia es tornen tan estretes que es fa inevitable un final tr\u00e0gic.<\/p>\n<p style=\"text-align: justify\">La cerim\u00f2nia del sacrifici com a acte d&#8217;alliberament s&#8217;ha compler &#8230;<\/p>\n<p><strong>DIRECCI\u00d3:<\/strong> Quique Culebras<\/p>\n<p><strong>REPARTIMENT:<\/strong><\/p>\n<p>Jorge- Yamam Serano<\/p>\n<p>Laura Barva<\/p>\n<p>Pau de Nut<\/p>\n<p>Carmen Flores<\/p>\n<p>Eduardo Telletxea<\/p>\n<p>&nbsp;<\/p>\n<p><strong>M\u00daSICA<\/strong><strong>:<\/strong> Victor Nubla<\/p>\n<p><strong>IL\u00b7LUMINACI\u00d3: <\/strong>Joan Ribas \/ Ciru<\/p>\n<p><strong>DISSENY DE VESTUARI:<\/strong> Oriol Grau<\/p>\n<p><strong>REALITZACI\u00d3 VESTUARI:<\/strong> Laura Barba \/ Astrid Corral<\/p>\n<p><strong>DIRECCI\u00d3 T\u00c9CNICA:<\/strong> Joan Ribas<\/p>\n<p><strong>T\u00c9CNICA DE SO\/LLUM:<\/strong> Jordi Guinart<\/p>\n<p><strong>ASISTENCIA A LA DIRECCI\u00d3: <\/strong>Ade Flaun<\/p>\n<p><strong>AJUDANTS PRODUCCI\u00d3: <\/strong>Astrid Corral \/ Ade Flaun<\/p>\n<p><strong>LOCUCI\u00d3 PR\u00d2LEG:<\/strong> Fernando Arrabal<\/p>\n<p><strong>EDICI\u00d3 SO PR\u00d2LEG:<\/strong> Pau de Nut<\/p>\n<p><strong>FOTOGRAFIA:<\/strong> Quique Culebras<\/p>\n<p><strong>DISSENY GR\u00c0FIC:<\/strong> Quique Culebras<\/p>\n<p><strong>DIBUIXOS DOSSIER:<\/strong>\u00a0Oscar Olvarr\u00eda<\/p>\n<p><strong>DISSENY WEB:<\/strong> Adeline Flaun<\/p>\n","protected":false},"excerpt":{"rendered":"<p>&#8220;FANDO Y LIS&#8221; Un home i una dona paral\u00edtica viatgen a Tar, un lloc que probablement no existeix. Els protagonistess&#8217;estimen. [&hellip;]<\/p>\n","protected":false},"author":1,"featured_media":1855,"comment_status":"closed","ping_status":"open","sticky":false,"template":"","format":"standard","meta":{"site-sidebar-layout":"default","site-content-layout":"","ast-site-content-layout":"default","site-content-style":"default","site-sidebar-style":"default","ast-global-header-display":"","ast-banner-title-visibility":"","ast-main-header-display":"","ast-hfb-above-header-display":"","ast-hfb-below-header-display":"","ast-hfb-mobile-header-display":"","site-post-title":"","ast-breadcrumbs-content":"","ast-featured-img":"","footer-sml-layout":"","ast-disable-related-posts":"","theme-transparent-header-meta":"","adv-header-id-meta":"","stick-header-meta":"","header-above-stick-meta":"","header-main-stick-meta":"","header-below-stick-meta":"","astra-migrate-meta-layouts":"default","ast-page-background-enabled":"default","ast-page-background-meta":{"desktop":{"background-color":"var(--ast-global-color-5)","background-image":"","background-repeat":"repeat","background-position":"center center","background-size":"auto","background-attachment":"scroll","background-type":"","background-media":"","overlay-type":"","overlay-color":"","overlay-opacity":"","overlay-gradient":""},"tablet":{"background-color":"","background-image":"","background-repeat":"repeat","background-position":"center center","background-size":"auto","background-attachment":"scroll","background-type":"","background-media":"","overlay-type":"","overlay-color":"","overlay-opacity":"","overlay-gradient":""},"mobile":{"background-color":"","background-image":"","background-repeat":"repeat","background-position":"center center","background-size":"auto","background-attachment":"scroll","background-type":"","background-media":"","overlay-type":"","overlay-color":"","overlay-opacity":"","overlay-gradient":""}},"ast-content-background-meta":{"desktop":{"background-color":"var(--ast-global-color-4)","background-image":"","background-repeat":"repeat","background-position":"center center","background-size":"auto","background-attachment":"scroll","background-type":"","background-media":"","overlay-type":"","overlay-color":"","overlay-opacity":"","overlay-gradient":""},"tablet":{"background-color":"var(--ast-global-color-4)","background-image":"","background-repeat":"repeat","background-position":"center center","background-size":"auto","background-attachment":"scroll","background-type":"","background-media":"","overlay-type":"","overlay-color":"","overlay-opacity":"","overlay-gradient":""},"mobile":{"background-color":"var(--ast-global-color-4)","background-image":"","background-repeat":"repeat","background-position":"center center","background-size":"auto","background-attachment":"scroll","background-type":"","background-media":"","overlay-type":"","overlay-color":"","overlay-opacity":"","overlay-gradient":""}},"footnotes":""},"categories":[13,9],"tags":[],"class_list":["post-1857","post","type-post","status-publish","format-standard","has-post-thumbnail","hentry","category-nacional-2","category-teatre"],"_links":{"self":[{"href":"https:\/\/vania.es\/ca\/wp-json\/wp\/v2\/posts\/1857","targetHints":{"allow":["GET"]}}],"collection":[{"href":"https:\/\/vania.es\/ca\/wp-json\/wp\/v2\/posts"}],"about":[{"href":"https:\/\/vania.es\/ca\/wp-json\/wp\/v2\/types\/post"}],"author":[{"embeddable":true,"href":"https:\/\/vania.es\/ca\/wp-json\/wp\/v2\/users\/1"}],"replies":[{"embeddable":true,"href":"https:\/\/vania.es\/ca\/wp-json\/wp\/v2\/comments?post=1857"}],"version-history":[{"count":6,"href":"https:\/\/vania.es\/ca\/wp-json\/wp\/v2\/posts\/1857\/revisions"}],"predecessor-version":[{"id":3258,"href":"https:\/\/vania.es\/ca\/wp-json\/wp\/v2\/posts\/1857\/revisions\/3258"}],"wp:featuredmedia":[{"embeddable":true,"href":"https:\/\/vania.es\/ca\/wp-json\/wp\/v2\/media\/1855"}],"wp:attachment":[{"href":"https:\/\/vania.es\/ca\/wp-json\/wp\/v2\/media?parent=1857"}],"wp:term":[{"taxonomy":"category","embeddable":true,"href":"https:\/\/vania.es\/ca\/wp-json\/wp\/v2\/categories?post=1857"},{"taxonomy":"post_tag","embeddable":true,"href":"https:\/\/vania.es\/ca\/wp-json\/wp\/v2\/tags?post=1857"}],"curies":[{"name":"wp","href":"https:\/\/api.w.org\/{rel}","templated":true}]}}