{"id":191,"date":"2014-06-19T10:41:43","date_gmt":"2014-06-19T10:41:43","guid":{"rendered":"https:\/\/vania.es\/?p=191"},"modified":"2016-06-09T11:11:57","modified_gmt":"2016-06-09T11:11:57","slug":"spanish-sound-fest-2","status":"publish","type":"post","link":"https:\/\/vania.es\/ca\/spanish-sound-fest-2\/","title":{"rendered":"Spanish Sound Fest"},"content":{"rendered":"<p style=\"text-align: justify\"><section class=\"vania-main-content cf\"><\/p>\n<p style=\"text-align: justify\">Presentem l&#8217; edici\u00f3 2013 de la nostra proposta SPANISH SOUND FEST,on tindrem com a protagonistes les diferents realitats musicals i sonores del nostre pais.<\/p>\n<p style=\"text-align: justify\">Aix\u00ed doncs, mostrem de manera clara i enriquidora, les diferents manifestacions musicals que existeixen a Espanya. Andalusia, Canaries o Catalunya tenen una personalitat i un so molt caracter\u00edstics, i\u00a0ara\u00a0us ho presentem\u00a0al nostre\u00a0 Spanish Sound Fest 2013.<\/p>\n<p style=\"text-align: justify\">Aquest petit festival o mostra es pot presentar en diferents formats i acompanyat de disciplines art\u00edstiques i culturals complement\u00e0ries, ja sigui gastronomia, cinema, literatura o altres arts esc\u00e8niques<\/p>\n<p style=\"text-align: justify\">La proposta t\u00e9 la suficient potencia o qualitat per presentar-se com event \u00fanic, tot i que tamb\u00e9 pot formar part d&#8217; un gran festival Internacional on el pa\u00eds convidat sigui Espanya. Concebut a la carta, pot presentar-se en un dia, un cap de setmana o durant un mes amb presentacions setmanals.<\/p>\n<p style=\"text-align: justify\">A l&#8217; edici\u00f3 2012\u00a0 de SANTO DOMINGO o BERL\u00cdN, vam tenir el plaer i el privilegi ( gr\u00e0cies a l &#8216; ambaixada d&#8217; Espanya a la Republica Dominicana i\u00a0a Alemnyia) de presentar el SPASF al Festival de Jazz de Santo Domingoi\u00a0en la Programaci\u00f3 de la Whalse House en Berl\u00edn.<\/p>\n<p style=\"text-align: justify\">El Spanish Sound Fest \u00e9s una mostra de las diferents realitats, ritmes i m\u00fasiques que conviuen al nostre pais. Es tracta d&#8217; un recorregut pel panorama sonor, no nom\u00e9s presentant una \u00fanica m\u00fasica espanyola, sin\u00f3 expresant altres formes i formats musicals, caracter\u00edstics de les diferents comunitats aut\u00f2nomes d&#8217; Espanya.<\/p>\n<p style=\"text-align: justify\">E lrecorregut musical s&#8217; inicia al sud i viatja fins al nord.<\/p>\n<p style=\"text-align: justify\">Canarias inaugura el Spanish sound Fest, m\u00e9s enll\u00e0 de la pen\u00ednsula, representant el seu so \u00a0particular ple\u00a0de connotacions africanes i basat en el format cl\u00e0ssic. Donant pas a la resta del panorama sonor espanyol.<\/p>\n<p>&nbsp;<\/p>\n<p><\/section><\/p>\n","protected":false},"excerpt":{"rendered":"","protected":false},"author":1,"featured_media":189,"comment_status":"closed","ping_status":"open","sticky":false,"template":"","format":"standard","meta":{"site-sidebar-layout":"default","site-content-layout":"","ast-site-content-layout":"default","site-content-style":"default","site-sidebar-style":"default","ast-global-header-display":"","ast-banner-title-visibility":"","ast-main-header-display":"","ast-hfb-above-header-display":"","ast-hfb-below-header-display":"","ast-hfb-mobile-header-display":"","site-post-title":"","ast-breadcrumbs-content":"","ast-featured-img":"","footer-sml-layout":"","ast-disable-related-posts":"","theme-transparent-header-meta":"","adv-header-id-meta":"","stick-header-meta":"","header-above-stick-meta":"","header-main-stick-meta":"","header-below-stick-meta":"","astra-migrate-meta-layouts":"default","ast-page-background-enabled":"default","ast-page-background-meta":{"desktop":{"background-color":"var(--ast-global-color-5)","background-image":"","background-repeat":"repeat","background-position":"center center","background-size":"auto","background-attachment":"scroll","background-type":"","background-media":"","overlay-type":"","overlay-color":"","overlay-opacity":"","overlay-gradient":""},"tablet":{"background-color":"","background-image":"","background-repeat":"repeat","background-position":"center center","background-size":"auto","background-attachment":"scroll","background-type":"","background-media":"","overlay-type":"","overlay-color":"","overlay-opacity":"","overlay-gradient":""},"mobile":{"background-color":"","background-image":"","background-repeat":"repeat","background-position":"center center","background-size":"auto","background-attachment":"scroll","background-type":"","background-media":"","overlay-type":"","overlay-color":"","overlay-opacity":"","overlay-gradient":""}},"ast-content-background-meta":{"desktop":{"background-color":"var(--ast-global-color-4)","background-image":"","background-repeat":"repeat","background-position":"center center","background-size":"auto","background-attachment":"scroll","background-type":"","background-media":"","overlay-type":"","overlay-color":"","overlay-opacity":"","overlay-gradient":""},"tablet":{"background-color":"var(--ast-global-color-4)","background-image":"","background-repeat":"repeat","background-position":"center center","background-size":"auto","background-attachment":"scroll","background-type":"","background-media":"","overlay-type":"","overlay-color":"","overlay-opacity":"","overlay-gradient":""},"mobile":{"background-color":"var(--ast-global-color-4)","background-image":"","background-repeat":"repeat","background-position":"center center","background-size":"auto","background-attachment":"scroll","background-type":"","background-media":"","overlay-type":"","overlay-color":"","overlay-opacity":"","overlay-gradient":""}},"footnotes":""},"categories":[14,10],"tags":[],"class_list":["post-191","post","type-post","status-publish","format-standard","has-post-thumbnail","hentry","category-internacional-2","category-musica-2"],"_links":{"self":[{"href":"https:\/\/vania.es\/ca\/wp-json\/wp\/v2\/posts\/191","targetHints":{"allow":["GET"]}}],"collection":[{"href":"https:\/\/vania.es\/ca\/wp-json\/wp\/v2\/posts"}],"about":[{"href":"https:\/\/vania.es\/ca\/wp-json\/wp\/v2\/types\/post"}],"author":[{"embeddable":true,"href":"https:\/\/vania.es\/ca\/wp-json\/wp\/v2\/users\/1"}],"replies":[{"embeddable":true,"href":"https:\/\/vania.es\/ca\/wp-json\/wp\/v2\/comments?post=191"}],"version-history":[{"count":3,"href":"https:\/\/vania.es\/ca\/wp-json\/wp\/v2\/posts\/191\/revisions"}],"predecessor-version":[{"id":2734,"href":"https:\/\/vania.es\/ca\/wp-json\/wp\/v2\/posts\/191\/revisions\/2734"}],"wp:featuredmedia":[{"embeddable":true,"href":"https:\/\/vania.es\/ca\/wp-json\/wp\/v2\/media\/189"}],"wp:attachment":[{"href":"https:\/\/vania.es\/ca\/wp-json\/wp\/v2\/media?parent=191"}],"wp:term":[{"taxonomy":"category","embeddable":true,"href":"https:\/\/vania.es\/ca\/wp-json\/wp\/v2\/categories?post=191"},{"taxonomy":"post_tag","embeddable":true,"href":"https:\/\/vania.es\/ca\/wp-json\/wp\/v2\/tags?post=191"}],"curies":[{"name":"wp","href":"https:\/\/api.w.org\/{rel}","templated":true}]}}