{"id":3121,"date":"2017-10-04T11:00:28","date_gmt":"2017-10-04T11:00:28","guid":{"rendered":"https:\/\/vania.es\/?p=3121"},"modified":"2019-03-12T10:22:42","modified_gmt":"2019-03-12T10:22:42","slug":"la-noia-la-lampada-2017","status":"publish","type":"post","link":"https:\/\/vania.es\/ca\/la-noia-la-lampada-2017\/","title":{"rendered":"LA NOIA DE LA L\u00c0MPADA (2017)"},"content":{"rendered":"<section class=\"vania-main-content cf\"><\/section>\n<p>Alba, una dona lluitadora i que sempre ha intentat fer-se un nom en el m\u00f3n art\u00edstic de l\u2019art, est\u00e0 en un moment decisiu de la seva carrera. Ha de demostrar al seu cap, que \u00e9s apta per ser la nova directora de la galer\u00eda on treballa i que \u00e9s capa\u00e7 de fer una programaci\u00f3 de qualitat en una fira nacional.<\/p>\n<p>Tot aix\u00f2, seria f\u00e1cil per a ella, si no fos perqu\u00e8 t\u00e9 un embar\u00e0s de risc i no por asumir totes les responsabilitats que ella voldria, per culpa del seu estat de salut. Per no perdre el fil de la feina, posa a treballar a l\u2019empresa a la seva parella, en Maurici, el qual l\u2019ha d\u2019ajudar en el seu lloc de treball.<\/p>\n<p>Les complicacions de l\u2019embar\u00e0s, faran que ella cada vegada hagi de fer m\u00e9s rep\u00f2s i estigui m\u00e9s a fora de la feina i que la seva parella vagi agafant m\u00e9s responsabilitats. Aix\u00f2 provoca en ella, un mar de dubtes i r\u00e0bia cap al seu estat, que per a ella acaba sent el culpable de tots els seus problemes. Al mateix temps, torna a parlar amb la seva germana petita (amb la que feia anys que no es parlaven i que ha tornat triomfant laboralment de la seva estan\u00e7a al jap\u00f3), situaci\u00f3 que refor\u00e7ar\u00e0 encara m\u00e9s les seves febleses i inquietuds.<\/p>\n<p>&nbsp;<\/p>\n<p><strong>DIRECCI\u00d3:\u00a0<\/strong>Marta Aran<br \/>\n<b><\/b><\/p>\n<p><b>AJUDANT DE DIRECCI\u00d3:\u00a0<\/b>Muguet Franc i Guillem Motos<br \/>\n<b><\/b><\/p>\n<p><b>REPARTIMENT:<\/b><\/p>\n<ul>\n<li>MAURICIO: Oriol Casals<\/li>\n<li>ALBA: Lara D\u00edez<\/li>\n<li>LIDIA: Marta Vila<\/li>\n<li>GEMMA: Andrea Portella<\/li>\n<\/ul>\n<p><strong>ESCENOGRAF\u00cdA:\u00a0<\/strong>Sergi Corbera i Laura Clos (Closca)<br \/>\n<b><\/b><\/p>\n<p><b>VESTUARI:<\/b>Adriana Parra<\/p>\n<p><strong>DISENY, IL\u00b7LUMINACI\u00d3 I ESPAI SONOR:\u00a0<\/strong>Xavi Gard\u00e9s<br \/>\n<b><\/b><\/p>\n<p><b>IMATGE:\u00a0<\/b>Roser Blanch<br \/>\n<b><\/b><\/p>\n<p><b>PRODUCCI\u00d3 EXECUTIVA:\u00a0<\/b>Sergio Matamala, Clara Cols i Roser Blanch<\/p>\n<p><strong>T\u00c8CNIC DE SALA:<\/strong>\u00a0Xavi Gard\u00e9s<\/p>\n<p><strong>PRODUCCI\u00d3:\u00a0<\/strong>V\u00e0nia Produccions i\u00a0Flyhard Produccions S.L.<\/p>\n<p>&nbsp;<\/p>\n","protected":false},"excerpt":{"rendered":"<p>Alba, una dona lluitadora i que sempre ha intentat fer-se un nom en el m\u00f3n art\u00edstic de l\u2019art, est\u00e0 en [&hellip;]<\/p>\n","protected":false},"author":1,"featured_media":3132,"comment_status":"closed","ping_status":"open","sticky":false,"template":"","format":"standard","meta":{"site-sidebar-layout":"default","site-content-layout":"","ast-site-content-layout":"default","site-content-style":"default","site-sidebar-style":"default","ast-global-header-display":"","ast-banner-title-visibility":"","ast-main-header-display":"","ast-hfb-above-header-display":"","ast-hfb-below-header-display":"","ast-hfb-mobile-header-display":"","site-post-title":"","ast-breadcrumbs-content":"","ast-featured-img":"","footer-sml-layout":"","ast-disable-related-posts":"","theme-transparent-header-meta":"","adv-header-id-meta":"","stick-header-meta":"","header-above-stick-meta":"","header-main-stick-meta":"","header-below-stick-meta":"","astra-migrate-meta-layouts":"default","ast-page-background-enabled":"default","ast-page-background-meta":{"desktop":{"background-color":"var(--ast-global-color-5)","background-image":"","background-repeat":"repeat","background-position":"center center","background-size":"auto","background-attachment":"scroll","background-type":"","background-media":"","overlay-type":"","overlay-color":"","overlay-opacity":"","overlay-gradient":""},"tablet":{"background-color":"","background-image":"","background-repeat":"repeat","background-position":"center center","background-size":"auto","background-attachment":"scroll","background-type":"","background-media":"","overlay-type":"","overlay-color":"","overlay-opacity":"","overlay-gradient":""},"mobile":{"background-color":"","background-image":"","background-repeat":"repeat","background-position":"center center","background-size":"auto","background-attachment":"scroll","background-type":"","background-media":"","overlay-type":"","overlay-color":"","overlay-opacity":"","overlay-gradient":""}},"ast-content-background-meta":{"desktop":{"background-color":"var(--ast-global-color-4)","background-image":"","background-repeat":"repeat","background-position":"center center","background-size":"auto","background-attachment":"scroll","background-type":"","background-media":"","overlay-type":"","overlay-color":"","overlay-opacity":"","overlay-gradient":""},"tablet":{"background-color":"var(--ast-global-color-4)","background-image":"","background-repeat":"repeat","background-position":"center center","background-size":"auto","background-attachment":"scroll","background-type":"","background-media":"","overlay-type":"","overlay-color":"","overlay-opacity":"","overlay-gradient":""},"mobile":{"background-color":"var(--ast-global-color-4)","background-image":"","background-repeat":"repeat","background-position":"center center","background-size":"auto","background-attachment":"scroll","background-type":"","background-media":"","overlay-type":"","overlay-color":"","overlay-opacity":"","overlay-gradient":""}},"footnotes":""},"categories":[13,9],"tags":[],"class_list":["post-3121","post","type-post","status-publish","format-standard","has-post-thumbnail","hentry","category-nacional-2","category-teatre"],"_links":{"self":[{"href":"https:\/\/vania.es\/ca\/wp-json\/wp\/v2\/posts\/3121","targetHints":{"allow":["GET"]}}],"collection":[{"href":"https:\/\/vania.es\/ca\/wp-json\/wp\/v2\/posts"}],"about":[{"href":"https:\/\/vania.es\/ca\/wp-json\/wp\/v2\/types\/post"}],"author":[{"embeddable":true,"href":"https:\/\/vania.es\/ca\/wp-json\/wp\/v2\/users\/1"}],"replies":[{"embeddable":true,"href":"https:\/\/vania.es\/ca\/wp-json\/wp\/v2\/comments?post=3121"}],"version-history":[{"count":9,"href":"https:\/\/vania.es\/ca\/wp-json\/wp\/v2\/posts\/3121\/revisions"}],"predecessor-version":[{"id":3350,"href":"https:\/\/vania.es\/ca\/wp-json\/wp\/v2\/posts\/3121\/revisions\/3350"}],"wp:featuredmedia":[{"embeddable":true,"href":"https:\/\/vania.es\/ca\/wp-json\/wp\/v2\/media\/3132"}],"wp:attachment":[{"href":"https:\/\/vania.es\/ca\/wp-json\/wp\/v2\/media?parent=3121"}],"wp:term":[{"taxonomy":"category","embeddable":true,"href":"https:\/\/vania.es\/ca\/wp-json\/wp\/v2\/categories?post=3121"},{"taxonomy":"post_tag","embeddable":true,"href":"https:\/\/vania.es\/ca\/wp-json\/wp\/v2\/tags?post=3121"}],"curies":[{"name":"wp","href":"https:\/\/api.w.org\/{rel}","templated":true}]}}