{"id":3177,"date":"2018-07-03T07:41:07","date_gmt":"2018-07-03T07:41:07","guid":{"rendered":"https:\/\/vania.es\/?p=3177"},"modified":"2021-10-13T17:28:09","modified_gmt":"2021-10-13T17:28:09","slug":"jazz-bodas-figaro","status":"publish","type":"post","link":"https:\/\/vania.es\/ca\/jazz-bodas-figaro\/","title":{"rendered":"JAZZ BODAS DE FIGARO"},"content":{"rendered":"<p><strong>QUE S\u00d3N LES JAZZ BODAS DE FIGARO?&nbsp;<\/strong>Jazz Bodes de Figaro \u00e9s \u2013 el t\u00edtol no enganya \u2013 una versi\u00f3 jazz\u00edstica de l&#8217;obra de Mozart en la qual els cantants interpreten les seves \u00e0ries a la manera tradicional per\u00f2 l&#8217;acompanyament \u00e9s a c\u00e0rrec d&#8217;un trio de jazz que, conservant els tempos originals, reinventa la partitura amb uns arranjaments tan ins\u00f2lits com ENLLUERNADORS.<\/p>\n<p><strong>EL PROJECTE:&nbsp;<\/strong><br \/>\nDramat\u00fargicament, es converteix en un assaig de la mateixa funci\u00f3 en la qual un director condueix l&#8217;acci\u00f3 entre els personatges. Les explicacions del director redueixen els recitatius a les frases m\u00e9s significatives i reforcen la trama C\u00d2MICA de l&#8217;obra.<\/p>\n<p>Visualment veurem com l&#8217;escenari es transforma des de la nuesa del primer assaig a la vistositat de la nit de l&#8217;estrena.<\/p>\n<p>Musicalment sentirem la m\u00fasica de sempre, cantada a un alt\u00edssim nivell, per\u00f2 abrigallada per uns acompanyaments que ens oferiran una nova perspectiva d&#8217;alguna cosa molt conegut.<\/p>\n<p><strong>ADAPTACI\u00d3 I DIRECCI\u00d3:<\/strong>&nbsp;Paco Mir<\/p>\n<p><strong>ADAPTACI\u00d3 I DIRECCI\u00d3 MUSICAL:<\/strong>&nbsp;Jaume Vilaseca<\/p>\n<p><b>REPARTIMENT:<\/b><\/p>\n<ul>\n<li>F\u00cdGARO: Juan Laborer\u00eda<\/li>\n<li>SUSANA: Montserrat Ser\u00f3<\/li>\n<li>CONDE DE ALMAVIVA: Marco Moncloa<\/li>\n<li>COMTESSA ROSINA: Lola Casariego<\/li>\n<li>CHERUBINO: Mar Esteve<\/li>\n<li>BARTOLO: Xavi Fern\u00e1ndez<\/li>\n<li>BASILIO: Francisco J. S\u00e1nchez<\/li>\n<\/ul>\n<p><strong>M\u00daSICS:<\/strong><\/p>\n<ul>\n<li>CONTRABAIX: Juan Pastor<\/li>\n<li>PIANO: Guillem Garc\u00eda<\/li>\n<li>BATERIA: Asier Olabarrieta<\/li>\n<\/ul>\n<p><strong>ESCENOGRAFIA i VESTUARI:<\/strong> Jordi Bulvena<\/p>\n<p><strong>IL\u00b7LUMINACI\u00d3<\/strong>: Joan Delshors<\/p>\n<p><strong>PRODUCCI\u00d3 EXECUTIVA:<\/strong> Vania Produccions<\/p>\n<p><strong>DISTRIBUCI\u00d3:&nbsp;<\/strong>EQM SERVEIS CULTURALS<br \/>\ntel. 93 466 13 30 \/ 619 061 445<br \/>\ninfo@eqmcultura.com \/\/ www.eqmcultura.comAmb la col\u00b7laboraci\u00f3 del CONSERVATORI DEL LICEU<\/p>\n<p><\/p>\n","protected":false},"excerpt":{"rendered":"<p>QUE S\u00d3N LES JAZZ BODAS DE FIGARO?&nbsp;Jazz Bodes de Figaro \u00e9s \u2013 el t\u00edtol no enganya \u2013 una versi\u00f3 jazz\u00edstica [&hellip;]<\/p>\n","protected":false},"author":1,"featured_media":3386,"comment_status":"closed","ping_status":"open","sticky":false,"template":"","format":"standard","meta":{"site-sidebar-layout":"default","site-content-layout":"","ast-site-content-layout":"default","site-content-style":"default","site-sidebar-style":"default","ast-global-header-display":"","ast-banner-title-visibility":"","ast-main-header-display":"","ast-hfb-above-header-display":"","ast-hfb-below-header-display":"","ast-hfb-mobile-header-display":"","site-post-title":"","ast-breadcrumbs-content":"","ast-featured-img":"","footer-sml-layout":"","ast-disable-related-posts":"","theme-transparent-header-meta":"","adv-header-id-meta":"","stick-header-meta":"","header-above-stick-meta":"","header-main-stick-meta":"","header-below-stick-meta":"","astra-migrate-meta-layouts":"default","ast-page-background-enabled":"default","ast-page-background-meta":{"desktop":{"background-color":"var(--ast-global-color-5)","background-image":"","background-repeat":"repeat","background-position":"center center","background-size":"auto","background-attachment":"scroll","background-type":"","background-media":"","overlay-type":"","overlay-color":"","overlay-opacity":"","overlay-gradient":""},"tablet":{"background-color":"","background-image":"","background-repeat":"repeat","background-position":"center center","background-size":"auto","background-attachment":"scroll","background-type":"","background-media":"","overlay-type":"","overlay-color":"","overlay-opacity":"","overlay-gradient":""},"mobile":{"background-color":"","background-image":"","background-repeat":"repeat","background-position":"center center","background-size":"auto","background-attachment":"scroll","background-type":"","background-media":"","overlay-type":"","overlay-color":"","overlay-opacity":"","overlay-gradient":""}},"ast-content-background-meta":{"desktop":{"background-color":"var(--ast-global-color-4)","background-image":"","background-repeat":"repeat","background-position":"center center","background-size":"auto","background-attachment":"scroll","background-type":"","background-media":"","overlay-type":"","overlay-color":"","overlay-opacity":"","overlay-gradient":""},"tablet":{"background-color":"var(--ast-global-color-4)","background-image":"","background-repeat":"repeat","background-position":"center center","background-size":"auto","background-attachment":"scroll","background-type":"","background-media":"","overlay-type":"","overlay-color":"","overlay-opacity":"","overlay-gradient":""},"mobile":{"background-color":"var(--ast-global-color-4)","background-image":"","background-repeat":"repeat","background-position":"center center","background-size":"auto","background-attachment":"scroll","background-type":"","background-media":"","overlay-type":"","overlay-color":"","overlay-opacity":"","overlay-gradient":""}},"footnotes":""},"categories":[4,10,7,13,9,3],"tags":[],"class_list":["post-3177","post","type-post","status-publish","format-standard","has-post-thumbnail","hentry","category-musica","category-musica-2","category-nacional","category-nacional-2","category-teatre","category-teatro"],"_links":{"self":[{"href":"https:\/\/vania.es\/ca\/wp-json\/wp\/v2\/posts\/3177","targetHints":{"allow":["GET"]}}],"collection":[{"href":"https:\/\/vania.es\/ca\/wp-json\/wp\/v2\/posts"}],"about":[{"href":"https:\/\/vania.es\/ca\/wp-json\/wp\/v2\/types\/post"}],"author":[{"embeddable":true,"href":"https:\/\/vania.es\/ca\/wp-json\/wp\/v2\/users\/1"}],"replies":[{"embeddable":true,"href":"https:\/\/vania.es\/ca\/wp-json\/wp\/v2\/comments?post=3177"}],"version-history":[{"count":16,"href":"https:\/\/vania.es\/ca\/wp-json\/wp\/v2\/posts\/3177\/revisions"}],"predecessor-version":[{"id":3795,"href":"https:\/\/vania.es\/ca\/wp-json\/wp\/v2\/posts\/3177\/revisions\/3795"}],"wp:featuredmedia":[{"embeddable":true,"href":"https:\/\/vania.es\/ca\/wp-json\/wp\/v2\/media\/3386"}],"wp:attachment":[{"href":"https:\/\/vania.es\/ca\/wp-json\/wp\/v2\/media?parent=3177"}],"wp:term":[{"taxonomy":"category","embeddable":true,"href":"https:\/\/vania.es\/ca\/wp-json\/wp\/v2\/categories?post=3177"},{"taxonomy":"post_tag","embeddable":true,"href":"https:\/\/vania.es\/ca\/wp-json\/wp\/v2\/tags?post=3177"}],"curies":[{"name":"wp","href":"https:\/\/api.w.org\/{rel}","templated":true}]}}