{"id":4034,"date":"2024-01-06T17:44:35","date_gmt":"2024-01-06T17:44:35","guid":{"rendered":"https:\/\/vania.es\/?p=4034"},"modified":"2026-03-12T09:52:18","modified_gmt":"2026-03-12T09:52:18","slug":"el-traje-2","status":"publish","type":"post","link":"https:\/\/vania.es\/ca\/el-traje-2\/","title":{"rendered":"EL TRAJE"},"content":{"rendered":"\r\n<p><strong>SINOPSI<\/strong><\/p>\r\n\r\n\r\n\r\n<p>Es el primer dia de rebaixes en uns grans magatzems de la capital. La gent ha entrat en tropell i ha hagut un accident. En les entranyes de l&#8217;edifici, un vigilant de seguretat interroga un home de negocis que va venir a comprar un vestit i que ha tingut alguna cosa a veure amb els fets. Per\u00f2 quins s\u00f3n els fets, exactament? I quin perill amena\u00e7a a aquestes dues persones? Javier Guti\u00e9rrez i Luis Bermejo protagonitzen aquest muntatge trepidant, asfixiant i desternillant alhora en un duel interpretatiu subterrani. Escrita i dirigida per Juan Cavestany.<\/p>\r\n\r\n\r\n\r\n<p><strong>REPARTIMENT<\/strong><\/p>\r\n\r\n\r\n\r\n<ul class=\"wp-block-list\">\r\n<li>Javier Guti\u00e9rrez<\/li>\r\n<li>Luis Bermejo<\/li>\r\n<\/ul>\r\n\r\n\r\n\r\n<p><strong>EQUIP ART\u00cdSTIC<\/strong><\/p>\r\n\r\n\r\n\r\n<ul class=\"wp-block-list\">\r\n<li>Autor y director: Juan Cavestany<\/li>\r\n<li>Ajutant de direcci\u00f3: Nacho Redondo<\/li>\r\n<li>Segon ajudant de direcci\u00f3: Marlene Michaelis<\/li>\r\n<li>Escenografia i vestuari: M\u00f3nica Bomorello<\/li>\r\n<li>Il\u00b7luminaci\u00f3: Eduardo Vizuete<\/li>\r\n<li>Espai sonor: Nick Powell<\/li>\r\n<li>Locuci\u00f3: Juan Ochoa<\/li>\r\n<li>Premsa: Mar\u00eda D\u00edaz<\/li>\r\n<li>Direcci\u00f3 i coordinaci\u00f3 t\u00e8cnica: Tom\u00e1s Ezquerra<\/li>\r\n<li>Fotografia i disseny del cartell: Sergio Parra<\/li>\r\n<li>Pintor del cartell: Marco Prieto<\/li>\r\n<li>Disseny gr\u00e0fic: Rub\u00e9n Salgueiros<\/li>\r\n<li>Videocreaci\u00f3: David Gonz\u00e1lez<\/li>\r\n<li>Producci\u00f3\/Administraci\u00f3: Andrea Quevedo<\/li>\r\n<li>Direcci\u00f3 de producci\u00f3: Ana Guarnizo<\/li>\r\n<li>Producci\u00f3 executiva: M\u00f3nica Regueiro \/ Carles Roca<\/li>\r\n<li>Agra\u00efment especial a Juan Antonio Lumberas<\/li>\r\n<\/ul>\r\n","protected":false},"excerpt":{"rendered":"<p>SINOPSI Es el primer dia de rebaixes en uns grans magatzems de la capital. La gent ha entrat en tropell [&hellip;]<\/p>\n","protected":false},"author":1,"featured_media":5036,"comment_status":"closed","ping_status":"closed","sticky":false,"template":"","format":"standard","meta":{"site-sidebar-layout":"default","site-content-layout":"","ast-site-content-layout":"default","site-content-style":"default","site-sidebar-style":"default","ast-global-header-display":"","ast-banner-title-visibility":"","ast-main-header-display":"","ast-hfb-above-header-display":"","ast-hfb-below-header-display":"","ast-hfb-mobile-header-display":"","site-post-title":"","ast-breadcrumbs-content":"","ast-featured-img":"","footer-sml-layout":"","ast-disable-related-posts":"","theme-transparent-header-meta":"default","adv-header-id-meta":"","stick-header-meta":"","header-above-stick-meta":"","header-main-stick-meta":"","header-below-stick-meta":"","astra-migrate-meta-layouts":"set","ast-page-background-enabled":"default","ast-page-background-meta":{"desktop":{"background-color":"var(--ast-global-color-5)","background-image":"","background-repeat":"repeat","background-position":"center center","background-size":"auto","background-attachment":"scroll","background-type":"","background-media":"","overlay-type":"","overlay-color":"","overlay-opacity":"","overlay-gradient":""},"tablet":{"background-color":"","background-image":"","background-repeat":"repeat","background-position":"center center","background-size":"auto","background-attachment":"scroll","background-type":"","background-media":"","overlay-type":"","overlay-color":"","overlay-opacity":"","overlay-gradient":""},"mobile":{"background-color":"","background-image":"","background-repeat":"repeat","background-position":"center center","background-size":"auto","background-attachment":"scroll","background-type":"","background-media":"","overlay-type":"","overlay-color":"","overlay-opacity":"","overlay-gradient":""}},"ast-content-background-meta":{"desktop":{"background-color":"var(--ast-global-color-4)","background-image":"","background-repeat":"repeat","background-position":"center center","background-size":"auto","background-attachment":"scroll","background-type":"","background-media":"","overlay-type":"","overlay-color":"","overlay-opacity":"","overlay-gradient":""},"tablet":{"background-color":"var(--ast-global-color-4)","background-image":"","background-repeat":"repeat","background-position":"center center","background-size":"auto","background-attachment":"scroll","background-type":"","background-media":"","overlay-type":"","overlay-color":"","overlay-opacity":"","overlay-gradient":""},"mobile":{"background-color":"var(--ast-global-color-4)","background-image":"","background-repeat":"repeat","background-position":"center center","background-size":"auto","background-attachment":"scroll","background-type":"","background-media":"","overlay-type":"","overlay-color":"","overlay-opacity":"","overlay-gradient":""}},"footnotes":""},"categories":[13,9],"tags":[],"class_list":["post-4034","post","type-post","status-publish","format-standard","has-post-thumbnail","hentry","category-nacional-2","category-teatre"],"_links":{"self":[{"href":"https:\/\/vania.es\/ca\/wp-json\/wp\/v2\/posts\/4034","targetHints":{"allow":["GET"]}}],"collection":[{"href":"https:\/\/vania.es\/ca\/wp-json\/wp\/v2\/posts"}],"about":[{"href":"https:\/\/vania.es\/ca\/wp-json\/wp\/v2\/types\/post"}],"author":[{"embeddable":true,"href":"https:\/\/vania.es\/ca\/wp-json\/wp\/v2\/users\/1"}],"replies":[{"embeddable":true,"href":"https:\/\/vania.es\/ca\/wp-json\/wp\/v2\/comments?post=4034"}],"version-history":[{"count":3,"href":"https:\/\/vania.es\/ca\/wp-json\/wp\/v2\/posts\/4034\/revisions"}],"predecessor-version":[{"id":5356,"href":"https:\/\/vania.es\/ca\/wp-json\/wp\/v2\/posts\/4034\/revisions\/5356"}],"wp:featuredmedia":[{"embeddable":true,"href":"https:\/\/vania.es\/ca\/wp-json\/wp\/v2\/media\/5036"}],"wp:attachment":[{"href":"https:\/\/vania.es\/ca\/wp-json\/wp\/v2\/media?parent=4034"}],"wp:term":[{"taxonomy":"category","embeddable":true,"href":"https:\/\/vania.es\/ca\/wp-json\/wp\/v2\/categories?post=4034"},{"taxonomy":"post_tag","embeddable":true,"href":"https:\/\/vania.es\/ca\/wp-json\/wp\/v2\/tags?post=4034"}],"curies":[{"name":"wp","href":"https:\/\/api.w.org\/{rel}","templated":true}]}}