{"id":5351,"date":"2026-03-11T12:39:15","date_gmt":"2026-03-11T12:39:15","guid":{"rendered":"https:\/\/vania.es\/?p=5351"},"modified":"2026-03-11T12:42:18","modified_gmt":"2026-03-11T12:42:18","slug":"bestseller","status":"publish","type":"post","link":"https:\/\/vania.es\/ca\/bestseller\/","title":{"rendered":"BESTSELLER"},"content":{"rendered":"<p><strong>SINOPSI<\/strong><\/p>\r\n<p>Paco \u00e9s un escriptor. L&#8217;autor feminista que va guanyar Fidel Castro al d\u00f2mino, sense haver mogut un dit. Un h\u00edbrid entre els escriptors de Woody Allen i els antiherois de les com\u00e8dies liter\u00e0ries.<\/p>\r\n<!-- \/wp:post-content -->\r\n\r\n<!-- wp:paragraph -->\r\n<p>Ell no est\u00e0 frustrat, per\u00f2 la seva dona, S\u00cd.<\/p>\r\n<p>La seva darrera novel\u00b7la ha passat amb m\u00e9s pena que gl\u00f2ria. La seva dona Bego\u00f1a, conven\u00e7uda que el problema no \u00e9s el llibre sin\u00f3 la manca de promoci\u00f3, contracta la Maria, una community manager despietada amb un objectiu clar: convertir Paco en un fenomen viral, costi el que costi.<\/p>\r\n<p>El pitjor malson de Paco: el m\u00e0rqueting.<\/p>\r\n<p>Amb estrat\u00e8gies de dubtosa \u00e8tica, la Maria no triga a transformar la novel\u00b7la de Paco en un producte vendible, encara que aix\u00f2 signifiqui reescriure la seva identitat: el seu nom ja no \u00e9s Paco, la seva hist\u00f2ria \u00e9s una altra i el seu llibre ara \u00e9s una ficci\u00f3 feminista sobre Lorca que ell no va escriure mai.<\/p>\r\n<p>Mentre les xarxes exploten amb la not\u00edcia, el fenomen es descontrola i Paco es converteix en un s\u00edmbol cultural sense haver canviat ni una sola paraula de la seva obra.<\/p>\r\n<p>Entre fake news, estrat\u00e8gies de mercat absurdes i un escriptor convertit en producte, BESTSELLER \u00e9s una com\u00e8dia salvatge que es burla de l&#8217;obsessi\u00f3 per la viralitat i la mercantilitzaci\u00f3 de la literatura. \u00c9s aquesta fricci\u00f3 entre la literatura idealista i la ind\u00fastria Mainstream.<\/p>\r\n<p>Ens fa preguntar-nos si el talent continua tenint valor en un m\u00f3n governat per la viralitat i si, en el fons, tots acabem cedint al sistema quan se&#8217;ns d\u00f3na la portunitat de triomfar.<\/p>\r\n<!-- \/wp:paragraph -->\r\n\r\n<!-- wp:paragraph -->\r\n<p><strong>REPARTIMENT<\/strong><\/p>\r\n<!-- \/wp:paragraph -->\r\n\r\n<!-- wp:list -->\r\n<ul class=\"wp-block-list\"><!-- wp:list-item -->\r\n<li>Nacho Guerreros<\/li>\r\n<!-- \/wp:list-item -->\r\n\r\n<!-- wp:list-item -->\r\n<li>Ana Arias<\/li>\r\n<!-- \/wp:list-item -->\r\n\r\n<!-- wp:list-item -->\r\n<li>Rebeca Sala<\/li>\r\n<!-- \/wp:list-item -->\r\n\r\n<!-- wp:list-item -->\r\n<li>Andrea Alvarado<\/li>\r\n<!-- \/wp:list-item -->\r\n\r\n<!-- wp:list-item \/--><\/ul>\r\n<!-- \/wp:list -->\r\n\r\n<!-- wp:paragraph -->\r\n<p><strong>EQUIP ART\u00cdSTIC<\/strong><\/p>\r\n<!-- \/wp:paragraph -->\r\n\r\n<!-- wp:list -->\r\n<ul class=\"wp-block-list\"><!-- wp:list-item -->\r\n<li>Direcci\u00f3: Gabriel Olivares<\/li>\r\n<!-- \/wp:list-item -->\r\n\r\n<!-- wp:list-item \/-->\r\n\r\n<!-- wp:list-item -->\r\n<li>Ajudant de direcci\u00f3: Jes\u00fas Redondo<\/li>\r\n<li>Text original: Ozkar Gal\u00e1n<\/li>\r\n<li>Disseny d&#8217;il\u00b7luminaci\u00f3: Carlos Alxueta<\/li>\r\n<li>Disseny d&#8217;escenografia:\u00a0 Asier Sancho<\/li>\r\n<li>Disseny de vestuari: David DeGea<\/li>\r\n<li>Espai sonor: Marina Tost\u00f3n<\/li>\r\n<li>V\u00eddeo escena: Daniel Estevan<\/li>\r\n<li>Assessor de moviment: Andr\u00e9s Acevedo<\/li>\r\n<li>Producci\u00f3 executiva: Helena Garcia y Jordi Mill\u00e1n Vila<\/li>\r\n<li>Coordinador t\u00e8cnic: Pau Duvide<\/li>\r\n<li>Disseny gr\u00e0fic i marketing: Horma Creativa<\/li>\r\n<li>Premsa: Futura comunicaci\u00f3n<\/li>\r\n<li>Fotografia de cartell: Gerard Magriny\u00e0<\/li>\r\n<li>Una coproducci\u00f3 d&#8217; Horma Creativa, Mister Chaise Longue i Vania<\/li>\r\n<li>Distribuci\u00f3: Amor al Teatro &#8211; Cuca Vill\u00e9n<\/li>\r\n<\/ul><!-- \/wp:list-item -->","protected":false},"excerpt":{"rendered":"<p>SINOPSI Paco \u00e9s un escriptor. L&#8217;autor feminista que va guanyar Fidel Castro al d\u00f2mino, sense haver mogut un dit. Un [&hellip;]<\/p>\n","protected":false},"author":9,"featured_media":5347,"comment_status":"closed","ping_status":"open","sticky":false,"template":"","format":"standard","meta":{"site-sidebar-layout":"default","site-content-layout":"","ast-site-content-layout":"default","site-content-style":"default","site-sidebar-style":"default","ast-global-header-display":"","ast-banner-title-visibility":"","ast-main-header-display":"","ast-hfb-above-header-display":"","ast-hfb-below-header-display":"","ast-hfb-mobile-header-display":"","site-post-title":"","ast-breadcrumbs-content":"","ast-featured-img":"","footer-sml-layout":"","ast-disable-related-posts":"","theme-transparent-header-meta":"default","adv-header-id-meta":"","stick-header-meta":"","header-above-stick-meta":"","header-main-stick-meta":"","header-below-stick-meta":"","astra-migrate-meta-layouts":"set","ast-page-background-enabled":"default","ast-page-background-meta":{"desktop":{"background-color":"var(--ast-global-color-5)","background-image":"","background-repeat":"repeat","background-position":"center center","background-size":"auto","background-attachment":"scroll","background-type":"","background-media":"","overlay-type":"","overlay-color":"","overlay-opacity":"","overlay-gradient":""},"tablet":{"background-color":"","background-image":"","background-repeat":"repeat","background-position":"center center","background-size":"auto","background-attachment":"scroll","background-type":"","background-media":"","overlay-type":"","overlay-color":"","overlay-opacity":"","overlay-gradient":""},"mobile":{"background-color":"","background-image":"","background-repeat":"repeat","background-position":"center center","background-size":"auto","background-attachment":"scroll","background-type":"","background-media":"","overlay-type":"","overlay-color":"","overlay-opacity":"","overlay-gradient":""}},"ast-content-background-meta":{"desktop":{"background-color":"var(--ast-global-color-4)","background-image":"","background-repeat":"repeat","background-position":"center center","background-size":"auto","background-attachment":"scroll","background-type":"","background-media":"","overlay-type":"","overlay-color":"","overlay-opacity":"","overlay-gradient":""},"tablet":{"background-color":"var(--ast-global-color-4)","background-image":"","background-repeat":"repeat","background-position":"center center","background-size":"auto","background-attachment":"scroll","background-type":"","background-media":"","overlay-type":"","overlay-color":"","overlay-opacity":"","overlay-gradient":""},"mobile":{"background-color":"var(--ast-global-color-4)","background-image":"","background-repeat":"repeat","background-position":"center center","background-size":"auto","background-attachment":"scroll","background-type":"","background-media":"","overlay-type":"","overlay-color":"","overlay-opacity":"","overlay-gradient":""}},"footnotes":""},"categories":[20,13,9],"tags":[],"class_list":["post-5351","post","type-post","status-publish","format-standard","has-post-thumbnail","hentry","category-en-cartell","category-nacional-2","category-teatre"],"_links":{"self":[{"href":"https:\/\/vania.es\/ca\/wp-json\/wp\/v2\/posts\/5351","targetHints":{"allow":["GET"]}}],"collection":[{"href":"https:\/\/vania.es\/ca\/wp-json\/wp\/v2\/posts"}],"about":[{"href":"https:\/\/vania.es\/ca\/wp-json\/wp\/v2\/types\/post"}],"author":[{"embeddable":true,"href":"https:\/\/vania.es\/ca\/wp-json\/wp\/v2\/users\/9"}],"replies":[{"embeddable":true,"href":"https:\/\/vania.es\/ca\/wp-json\/wp\/v2\/comments?post=5351"}],"version-history":[{"count":3,"href":"https:\/\/vania.es\/ca\/wp-json\/wp\/v2\/posts\/5351\/revisions"}],"predecessor-version":[{"id":5355,"href":"https:\/\/vania.es\/ca\/wp-json\/wp\/v2\/posts\/5351\/revisions\/5355"}],"wp:featuredmedia":[{"embeddable":true,"href":"https:\/\/vania.es\/ca\/wp-json\/wp\/v2\/media\/5347"}],"wp:attachment":[{"href":"https:\/\/vania.es\/ca\/wp-json\/wp\/v2\/media?parent=5351"}],"wp:term":[{"taxonomy":"category","embeddable":true,"href":"https:\/\/vania.es\/ca\/wp-json\/wp\/v2\/categories?post=5351"},{"taxonomy":"post_tag","embeddable":true,"href":"https:\/\/vania.es\/ca\/wp-json\/wp\/v2\/tags?post=5351"}],"curies":[{"name":"wp","href":"https:\/\/api.w.org\/{rel}","templated":true}]}}