{"id":720,"date":"2014-11-13T10:23:00","date_gmt":"2014-11-13T10:23:00","guid":{"rendered":"https:\/\/vania.es\/?p=720"},"modified":"2026-02-24T11:15:49","modified_gmt":"2026-02-24T11:15:49","slug":"la-opera-de-cuatro-notas-2","status":"publish","type":"post","link":"https:\/\/vania.es\/ca\/la-opera-de-cuatro-notas-2\/","title":{"rendered":"La \u00d3pera de Cuatro Notas (2015)"},"content":{"rendered":"<p><strong>MADRID<\/strong>: TEATROS DEL CANAL del 8 al 19 d&#8217;Abril<\/p>\n<p><strong>SORIA<\/strong>: 24 de Setembre<\/p>\n<p><strong><strong>PUERTOLLANO<\/strong><\/strong>: 21 de Novembre<\/p>\n<p><strong>SANTANDER<\/strong>: 27 i 28 de Novembre<\/p>\n<p><strong>ESCORIAL<\/strong>: 2 de Gener<\/p>\n<p style=\"text-align: justify;\">El que es bo de viatjar es que et d\u00f3na dues possibilitats: la de descobrir coses i la de no descobrir-les. Si et decantes\u00a0 per la segona opci\u00f3 tornes dient que el que sigui que hagis vist no valia la pena i que haguessis estat molt millor a casa teva ( els habitants del pa\u00eds visitat segurament compartiran la mateixa opini\u00f3); si optes per la sorpresa, acabes descobrint tresors que t\u2019acompanyaran al llarg de la teva vida, com aquesta <strong>\u00d3PERA DE CUATRO NOTAS<\/strong> en la que hi penso des de que la vaig veure en una matinal del Th\u00e9\u00e2tre de la BASTILLE de Par\u00eds a principis de segle.\u00a0 I si al plaer del descobriment afegeixes els beneficis de l\u2019 absoluta falta d\u2019 expectatives, pots acabar experimentant una inusual sensaci\u00f3 de<strong> FELICITAT TOTAL , <\/strong>que es justament el que em va passar a mi quan vaig sortir de veure aquesta petita joia musical que recorre el m\u00f3n des de que <strong>TOM JOHNSON<\/strong> li va donar (llarga) vida a l\u2019 any 1972; una felicitat que em va impulsar urgentment cap a la seu de l\u2019 editorial que tenia els drets de l\u2019 \u00f2pera \u2013editions 75\u2013 per comprar un llibret que mereixia veure\u2019s a Espanya.<\/p>\n<p style=\"text-align: justify;\">Les oficines estaven als baixos d\u2019 un dels patis interiors parisencs que tan parisencs ens semblen al que no som parisencs. La fa\u00e7ana amb vidres \u00a0deixava entreveure una cosa semblant a una vivenda particular. RIIIIINGGGG. No em va obrir ning\u00fa. Vaig tornar a insistir. RIIIIIIIIIIIIIIIIIIIIIIIINGGGGGGG. I va apar\u00e8ixer un senyor somrient que em va confirmar que estava a Editions 75 i que em va deixar entrar al que, efectivament, era una casa particular, la seva casa, la casa de TOM JOHNSON, autor i editor de la seva pr\u00f2pia obra que em venia personalment un exemplar del seu llibret i que, escoltant la meva voluntat de produir-lo en algun moment de la meva vida, em col\u00b7locava un altre\u2013LAS SOPRANOS\u2013 per si la meva voluntat de ferro donava per m\u00e9s. Ens vam caure b\u00e9, el vaig convidar a veure a TRICICLE, es va divertir i mai m\u00e9s vam tornar a saber l\u2019 un de l\u2019 altre.<\/p>\n<p style=\"text-align: justify;\">Han passat m\u00e9s de deu anys i sembla que per fi ha arribat el moment de posar en marxa la meva pr\u00f2pia versi\u00f3 de <strong>LA<\/strong>\u00a0<strong>\u00d3PERA DE CUATRO NOTAS<\/strong>, un t\u00edtol que no enganya perque est\u00e0 composat exactament per <strong>quatre notes h\u00e0bilment modelades perqu\u00e8 semblin infinites<\/strong>; una versi\u00f3 que ser\u00e0 la meva pr\u00f2pia versi\u00f3 perqu\u00e8 el llibret est\u00e0 escrit sense acotacions, per a que cada director d\u2019 escena jugui amb els cinc personatges que parodien les cinc veus d\u2019 una \u00f2pera \u2013<strong>tenor, bar\u00edton, soprano, mezzo i baix<\/strong>\u2013, observades per l\u2019atent metr\u00f2nom d\u00b4 un pianista que interpreta una partitura concebuda originalment per a piano.<\/p>\n<p style=\"text-align: justify;\">Una gran \u00f2pera feta amb molts pocs mitjans: Cinc cantants, un piano, un pianista.<\/p>\n<p style=\"text-align: justify;\">Una \u00f2pera minimalista que, en aquesta versi\u00f3, tamb\u00e9 \u00e9s una mica MIRimarista.<\/p>\n<p style=\"text-align: right;\">Paco Mir<\/p>\n\n<p>&nbsp;<\/p>\n<p><strong>Director:<\/strong>\u00a0Paco Mir<\/p>\n<p><strong>Repartiment:<\/strong><\/p>\n<p style=\"padding-left: 90px;\">Francisco\u00a0Santiago<\/p>\n<p style=\"padding-left: 90px;\">Eugenia Enguita<\/p>\n<p style=\"padding-left: 90px;\">Ana Cristina Marco<\/p>\n<p style=\"padding-left: 90px;\">Javier Carmena<\/p>\n<p style=\"padding-left: 90px;\">Axier S\u00e1nchez<\/p>\n<p style=\"padding-left: 90px;\">Francisco J. S\u00e1nchez<\/p>\n<p>\u00a0<strong>Director musical:<\/strong>\u00a0Manuel Coves<\/p>\n<p><strong>Disseny<\/strong><strong>\u00a0de producci\u00f3:<\/strong>\u00a0Carles Roca i Olalla Calvo<\/p>\n<p><strong>Producci\u00f3:<\/strong>\u00a0Cristina Ward<\/p>\n<p><strong>Assistent de producci\u00f3:<\/strong>\u00a0Violeta Borrell<\/p>\n<p><strong>Escenografia:<\/strong>\u00a0Juan Sanz<\/p>\n<p><strong>Vestuari:<\/strong>\u00a0Pepe Corzo<\/p>\n<p><strong>Il\u00b7luminaci\u00f3:<\/strong>\u00a0Nicol\u00e1s Fischtel<\/p>\n<p><strong>Ajudant direcci\u00f3:<\/strong>\u00a0Carmen Rosa<\/p>\n<p>&nbsp;<\/p>\n<p>Una coproducci\u00f3 de Vania Produccions i Teatros del Canal<\/p>\n<p>&nbsp;<\/p>\n<p><a href=\"https:\/\/www.youtube.com\/watch?v=e8idn8FG_gY\">TRAILER<\/a><\/p>\n","protected":false},"excerpt":{"rendered":"<p>MADRID: TEATROS DEL CANAL del 8 al 19 d&#8217;Abril SORIA: 24 de Setembre PUERTOLLANO: 21 de Novembre SANTANDER: 27 i [&hellip;]<\/p>\n","protected":false},"author":1,"featured_media":2295,"comment_status":"closed","ping_status":"closed","sticky":false,"template":"","format":"standard","meta":{"site-sidebar-layout":"default","site-content-layout":"","ast-site-content-layout":"default","site-content-style":"default","site-sidebar-style":"default","ast-global-header-display":"","ast-banner-title-visibility":"","ast-main-header-display":"","ast-hfb-above-header-display":"","ast-hfb-below-header-display":"","ast-hfb-mobile-header-display":"","site-post-title":"","ast-breadcrumbs-content":"","ast-featured-img":"","footer-sml-layout":"","ast-disable-related-posts":"","theme-transparent-header-meta":"","adv-header-id-meta":"","stick-header-meta":"","header-above-stick-meta":"","header-main-stick-meta":"","header-below-stick-meta":"","astra-migrate-meta-layouts":"set","ast-page-background-enabled":"default","ast-page-background-meta":{"desktop":{"background-color":"var(--ast-global-color-5)","background-image":"","background-repeat":"repeat","background-position":"center center","background-size":"auto","background-attachment":"scroll","background-type":"","background-media":"","overlay-type":"","overlay-color":"","overlay-opacity":"","overlay-gradient":""},"tablet":{"background-color":"","background-image":"","background-repeat":"repeat","background-position":"center center","background-size":"auto","background-attachment":"scroll","background-type":"","background-media":"","overlay-type":"","overlay-color":"","overlay-opacity":"","overlay-gradient":""},"mobile":{"background-color":"","background-image":"","background-repeat":"repeat","background-position":"center center","background-size":"auto","background-attachment":"scroll","background-type":"","background-media":"","overlay-type":"","overlay-color":"","overlay-opacity":"","overlay-gradient":""}},"ast-content-background-meta":{"desktop":{"background-color":"var(--ast-global-color-4)","background-image":"","background-repeat":"repeat","background-position":"center center","background-size":"auto","background-attachment":"scroll","background-type":"","background-media":"","overlay-type":"","overlay-color":"","overlay-opacity":"","overlay-gradient":""},"tablet":{"background-color":"var(--ast-global-color-4)","background-image":"","background-repeat":"repeat","background-position":"center center","background-size":"auto","background-attachment":"scroll","background-type":"","background-media":"","overlay-type":"","overlay-color":"","overlay-opacity":"","overlay-gradient":""},"mobile":{"background-color":"var(--ast-global-color-4)","background-image":"","background-repeat":"repeat","background-position":"center center","background-size":"auto","background-attachment":"scroll","background-type":"","background-media":"","overlay-type":"","overlay-color":"","overlay-opacity":"","overlay-gradient":""}},"footnotes":""},"categories":[10,13,9],"tags":[],"class_list":["post-720","post","type-post","status-publish","format-standard","has-post-thumbnail","hentry","category-musica-2","category-nacional-2","category-teatre"],"_links":{"self":[{"href":"https:\/\/vania.es\/ca\/wp-json\/wp\/v2\/posts\/720","targetHints":{"allow":["GET"]}}],"collection":[{"href":"https:\/\/vania.es\/ca\/wp-json\/wp\/v2\/posts"}],"about":[{"href":"https:\/\/vania.es\/ca\/wp-json\/wp\/v2\/types\/post"}],"author":[{"embeddable":true,"href":"https:\/\/vania.es\/ca\/wp-json\/wp\/v2\/users\/1"}],"replies":[{"embeddable":true,"href":"https:\/\/vania.es\/ca\/wp-json\/wp\/v2\/comments?post=720"}],"version-history":[{"count":28,"href":"https:\/\/vania.es\/ca\/wp-json\/wp\/v2\/posts\/720\/revisions"}],"predecessor-version":[{"id":5343,"href":"https:\/\/vania.es\/ca\/wp-json\/wp\/v2\/posts\/720\/revisions\/5343"}],"wp:featuredmedia":[{"embeddable":true,"href":"https:\/\/vania.es\/ca\/wp-json\/wp\/v2\/media\/2295"}],"wp:attachment":[{"href":"https:\/\/vania.es\/ca\/wp-json\/wp\/v2\/media?parent=720"}],"wp:term":[{"taxonomy":"category","embeddable":true,"href":"https:\/\/vania.es\/ca\/wp-json\/wp\/v2\/categories?post=720"},{"taxonomy":"post_tag","embeddable":true,"href":"https:\/\/vania.es\/ca\/wp-json\/wp\/v2\/tags?post=720"}],"curies":[{"name":"wp","href":"https:\/\/api.w.org\/{rel}","templated":true}]}}