{"id":770,"date":"2014-11-14T12:30:24","date_gmt":"2014-11-14T12:30:24","guid":{"rendered":"https:\/\/vania.es\/?p=770"},"modified":"2015-03-04T11:51:24","modified_gmt":"2015-03-04T11:51:24","slug":"yo-me-subi-un-piano-verde-2","status":"publish","type":"post","link":"https:\/\/vania.es\/ca\/yo-me-subi-un-piano-verde-2\/","title":{"rendered":"Yo me sub\u00ed a un piano verde (2009)"},"content":{"rendered":"<p style=\"text-align: justify\">MADRID: TEATRO ISABEL &#8220;YO ME SUB\u00cd A UN PIANO VERDE&#8221;<\/p>\n<p style=\"text-align: justify\">\u201cYo me sub\u00ed a un piano verde\u201d \u00a0\u00e9s un divertiment humor\u00edstic-musical-cant\u00e0bile per caricato i piano. El caricato el poso jo, que m\u2019interpreto en clau a mi mateix, i el piano l&#8217;acaricia C\u00c9SAR BELDA, un GRAN m\u00fasic, el miris per on el miris, que t\u00e9 l&#8217;habilitat de seguir musicalment all\u00e0 on se m\u2019acudeixi anar, que s\u00f3n entre diversos i molts llocs..<\/p>\n<p style=\"text-align: justify\">El que aneu a veure \u00e9s el que us ofereixo, i el que us ofereixo \u00e9s el que desitgeu veure, per\u00f2 sempre des de la meva pr\u00f2pia \u00f2ptica. Potser no m&#8217;expliqui. Segur que no. M&#8217;explico: jo el que vull \u00e9s donar-vos un consell terap\u00e8utic sobre com ocupar el vostre temps lliure fent el m\u00e9s absurd que pugueu imaginar, o fent el que sempre hav\u00edeu imaginat i mai us hav\u00edeu atrevit a fer, des de pujar a un piano verd, fins a pujar a les barbes del vostre pare, encara que aquest sigui un barbamec, o simplement barba &#8230;<\/p>\n<p style=\"text-align: justify\">\u201cYo me sub\u00ed a un piano verde\u201d \u00a0\u00e9s riure, biografia, humor, nost\u00e0lgia, somriure, homenatges, complicitat, can\u00e7ons, records, un nou joc de paraules que, sense ser espectacular, es converteix en un espectacle gr\u00e0cies a la tenacitat i el sentit de l&#8217;humor, d&#8217;aquest &#8220;cl\u00e0ssic graci\u00f3s&#8221; que represento: un graci\u00f3s content a la seva corda d&#8217;equilibrista, un graci\u00f3s que es juga el singlot demostrant, sense nost\u00e0lgia, que encara es mant\u00e9 en els cabals i que, pesi a qui li pesi, segueix tenint el valor de pujar all\u00e0 on li ve de gust.<\/p>\n<p style=\"text-align: justify\">Per ordenar tot aquest c\u00famul d&#8217;ocurr\u00e8ncies i corxeres he abusat dels meus amics del TRICICLE (Joan Gracia i Paco Mir) que, coneixent-me, diuen que firmen la co-direcci\u00f3 de l&#8217;espectacle fins al dia de l&#8217;estrena. No s\u00e9 perqu\u00e8 ho han dit, la veritat.<\/p>\n<p style=\"text-align: justify\">Us convidem a aquest piano verd-bar, on em sentir\u00e9 de nou rebel sense causa, sense pausa i sense motiu justificat. Ja veureu. Ah, la pen\u00faltima ronda la pago jo. Ho juro per l\u2019Encarna.<\/p>\n<p style=\"text-align: right\">Mill\u00e1n.<\/p>\n<p>&nbsp;<\/p>\n<p><strong>Direcci\u00f3n:<\/strong> Paco Mir y Joan Gracia<\/p>\n<p><strong>Repartiment:<\/strong><\/p>\n<p>Mill\u00e1n Salcedo<\/p>\n<p>Marcos Cruz (piano)<\/p>\n<p>&nbsp;<\/p>\n<p><strong><strong>Escrita i interpretada per:<\/strong> <\/strong>Mill\u00e1n Salcedo<\/p>\n<p><strong>Autor:<\/strong> Mill\u00e1n Salcedo<\/p>\n<p><strong>Disseny de escenografia:<\/strong> Konkret Estudio S.L<\/p>\n<p><strong>Disseny de llums:<\/strong> Nicol\u00e1s Fischtel (A.A.I)<\/p>\n<p><strong>Fotomuntatges i collages:<\/strong> Mill\u00e1n Salcedo<\/p>\n<p><strong>Disseny Gr\u00e0fic:<\/strong> Gagnetwork.com<\/p>\n<p><strong>Vestuari:<\/strong> Irantzu Ortiz<\/p>\n<p><strong>Disseny de so:<\/strong> Ram\u00f3n Rico<\/p>\n<p><strong>Direcci\u00f3 t\u00e8cnica:<\/strong> Jaume Feizas<\/p>\n<p><strong>Construcci\u00f3 escenografia:<\/strong> Escenograf\u00edas Toni L\u00f3pez<\/p>\n<p><strong>Edici\u00f3 audiovisual:<\/strong> WOODOO<\/p>\n<p><strong>Confecci\u00f3 vestuari:<\/strong> Menkes<\/p>\n<p><strong>Gerent regidor:<\/strong> Joan Fern\u00e1ndez<\/p>\n<p><strong>Producci\u00f3 executiva:<\/strong> Merc\u00e8 Puy y Carles Roca<\/p>\n<p><strong>Ajudant de direcci\u00f3:<\/strong> Carmen Rosa<\/p>\n<p><strong>Distribuci\u00f3:<\/strong> Joan Fern\u00e1ndez<\/p>\n<p><strong>Cessi\u00f3 de imatges:<\/strong> Alberto Segura \/ TVE<\/p>\n<p><strong>Cessi\u00f3 acudit gr\u00e0fic Tip i Coll:<\/strong> Jos\u00e9 Luis Caba\u00f1as<\/p>\n<p><strong>Als meus amics:<\/strong> Pura Paniagua \/Jaime Garrido \/Richy Castellanos<\/p>\n","protected":false},"excerpt":{"rendered":"<p>MADRID: TEATRO ISABEL &#8220;YO ME SUB\u00cd A UN PIANO VERDE&#8221; \u201cYo me sub\u00ed a un piano verde\u201d \u00a0\u00e9s un divertiment [&hellip;]<\/p>\n","protected":false},"author":1,"featured_media":768,"comment_status":"closed","ping_status":"open","sticky":false,"template":"","format":"standard","meta":{"site-sidebar-layout":"default","site-content-layout":"","ast-site-content-layout":"default","site-content-style":"default","site-sidebar-style":"default","ast-global-header-display":"","ast-banner-title-visibility":"","ast-main-header-display":"","ast-hfb-above-header-display":"","ast-hfb-below-header-display":"","ast-hfb-mobile-header-display":"","site-post-title":"","ast-breadcrumbs-content":"","ast-featured-img":"","footer-sml-layout":"","ast-disable-related-posts":"","theme-transparent-header-meta":"","adv-header-id-meta":"","stick-header-meta":"","header-above-stick-meta":"","header-main-stick-meta":"","header-below-stick-meta":"","astra-migrate-meta-layouts":"default","ast-page-background-enabled":"default","ast-page-background-meta":{"desktop":{"background-color":"var(--ast-global-color-5)","background-image":"","background-repeat":"repeat","background-position":"center center","background-size":"auto","background-attachment":"scroll","background-type":"","background-media":"","overlay-type":"","overlay-color":"","overlay-opacity":"","overlay-gradient":""},"tablet":{"background-color":"","background-image":"","background-repeat":"repeat","background-position":"center center","background-size":"auto","background-attachment":"scroll","background-type":"","background-media":"","overlay-type":"","overlay-color":"","overlay-opacity":"","overlay-gradient":""},"mobile":{"background-color":"","background-image":"","background-repeat":"repeat","background-position":"center center","background-size":"auto","background-attachment":"scroll","background-type":"","background-media":"","overlay-type":"","overlay-color":"","overlay-opacity":"","overlay-gradient":""}},"ast-content-background-meta":{"desktop":{"background-color":"var(--ast-global-color-4)","background-image":"","background-repeat":"repeat","background-position":"center center","background-size":"auto","background-attachment":"scroll","background-type":"","background-media":"","overlay-type":"","overlay-color":"","overlay-opacity":"","overlay-gradient":""},"tablet":{"background-color":"var(--ast-global-color-4)","background-image":"","background-repeat":"repeat","background-position":"center center","background-size":"auto","background-attachment":"scroll","background-type":"","background-media":"","overlay-type":"","overlay-color":"","overlay-opacity":"","overlay-gradient":""},"mobile":{"background-color":"var(--ast-global-color-4)","background-image":"","background-repeat":"repeat","background-position":"center center","background-size":"auto","background-attachment":"scroll","background-type":"","background-media":"","overlay-type":"","overlay-color":"","overlay-opacity":"","overlay-gradient":""}},"footnotes":""},"categories":[13,9],"tags":[],"class_list":["post-770","post","type-post","status-publish","format-standard","has-post-thumbnail","hentry","category-nacional-2","category-teatre"],"_links":{"self":[{"href":"https:\/\/vania.es\/ca\/wp-json\/wp\/v2\/posts\/770","targetHints":{"allow":["GET"]}}],"collection":[{"href":"https:\/\/vania.es\/ca\/wp-json\/wp\/v2\/posts"}],"about":[{"href":"https:\/\/vania.es\/ca\/wp-json\/wp\/v2\/types\/post"}],"author":[{"embeddable":true,"href":"https:\/\/vania.es\/ca\/wp-json\/wp\/v2\/users\/1"}],"replies":[{"embeddable":true,"href":"https:\/\/vania.es\/ca\/wp-json\/wp\/v2\/comments?post=770"}],"version-history":[{"count":6,"href":"https:\/\/vania.es\/ca\/wp-json\/wp\/v2\/posts\/770\/revisions"}],"predecessor-version":[{"id":2155,"href":"https:\/\/vania.es\/ca\/wp-json\/wp\/v2\/posts\/770\/revisions\/2155"}],"wp:featuredmedia":[{"embeddable":true,"href":"https:\/\/vania.es\/ca\/wp-json\/wp\/v2\/media\/768"}],"wp:attachment":[{"href":"https:\/\/vania.es\/ca\/wp-json\/wp\/v2\/media?parent=770"}],"wp:term":[{"taxonomy":"category","embeddable":true,"href":"https:\/\/vania.es\/ca\/wp-json\/wp\/v2\/categories?post=770"},{"taxonomy":"post_tag","embeddable":true,"href":"https:\/\/vania.es\/ca\/wp-json\/wp\/v2\/tags?post=770"}],"curies":[{"name":"wp","href":"https:\/\/api.w.org\/{rel}","templated":true}]}}